{"id":15782,"date":"2025-05-01T08:16:34","date_gmt":"2025-05-01T08:16:34","guid":{"rendered":"https:\/\/aqb.hu\/?p=15782"},"modified":"2025-05-07T12:09:43","modified_gmt":"2025-05-07T12:09:43","slug":"interju-varga-adammal-az-aqb-project-space-ben-rendezett-unknown-insignia-cimu-kiallitasa-kapcsan","status":"publish","type":"post","link":"https:\/\/aqb.hu\/hu\/blog\/interju-varga-adammal-az-aqb-project-space-ben-rendezett-unknown-insignia-cimu-kiallitasa-kapcsan\/","title":{"rendered":"Interj\u00fa Varga \u00c1d\u00e1mmal az aqb Project Space-ben rendezett, Unknown Insignia c\u00edm\u0171 ki\u00e1ll\u00edt\u00e1sa kapcs\u00e1n"},"content":{"rendered":"<p><strong>Milyen ar\u00e1nyban alkalmazod a digit\u00e1lis \u00e9s anal\u00f3g technik\u00e1kat az alkot\u00e1si folyamataidban? Tudatos egyens\u00falyra t\u00f6rekszel, vagy organikusan alakul a megoszl\u00e1s?<\/strong><\/p>\n\n\n\n<p>A digit\u00e1lis \u00e9s anal\u00f3g technik\u00e1k p\u00e1rhuzamosan vannak jelen a munk\u00e1imban. A festm\u00e9nyeket \u00e1ltal\u00e1ban mindig digit\u00e1lis el\u0151k\u00e9sz\u00fclet el\u0151zi meg, amely sor\u00e1n letiszt\u00e1zom a kompoz\u00edci\u00f3s \u00e9s formai k\u00e9rd\u00e9seket. Ez a folyamat organikusan alakul:&nbsp; a festm\u00e9nyek reag\u00e1lnak a digit\u00e1lis tervekre, de a digit\u00e1lis munk\u00e1k is mindig valamilyen form\u00e1ban fest\u00e9szeti c\u00e9lk\u00e9nt fogalmazhat\u00f3k meg. Mindk\u00e9t technika egyform\u00e1n hangs\u00falyos, \u00e9s a kett\u0151 k\u00f6z\u00f6tti p\u00e1rbesz\u00e9d meghat\u00e1roz\u00f3 szerepet j\u00e1tszik a m\u0171v\u00e9szi \u00f6nkifejez\u00e9semben.&nbsp;<\/p>\n\n\n\n<p><strong>Milyen szempontok vez\u00e9relnek egy \u00faj projekt l\u00e9trehoz\u00e1sakor? Hogyan kapcsol\u00f3dnak ezek a kort\u00e1rs digit\u00e1lis kult\u00far\u00e1hoz?<\/strong><\/p>\n\n\n\n<p>Fontos sz\u00e1momra, hogy a fest\u00e9szetet mindig egy probl\u00e9mak\u00f6r k\u00f6r\u00e9 szervezzem. A m\u00e9dium helyzete a kort\u00e1rs t\u00e1rsadalomban gyakran problematikus, ez\u00e9rt a poz\u00edci\u00f3mat mindig valamihez k\u00e9pest hat\u00e1rozom meg. Olyan k\u00e9rd\u00e9seket j\u00e1rok k\u00f6r\u00fcl, mint a fest\u00e9szet sokszoros\u00edthat\u00f3s\u00e1ga, a technol\u00f3giai hat\u00e1sok vagy a szem\u00e9lyes \u00f6nkifejez\u00e9s szerepe. Az alkot\u00e1si folyamat sor\u00e1n a saj\u00e1t gyakorlatom probl\u00e9m\u00e1ira keresek megold\u00e1sokat, amelyekb\u0151l festm\u00e9nyek sz\u00fcletnek.<\/p>\n\n\n\n<p><strong>Hogyan haszn\u00e1lod fel a heraldikai elemeket a munk\u00e1idban? Milyen \u00e9rtelmez\u00e9si lehet\u0151s\u00e9geket k\u00edn\u00e1l ez a dekonstrukci\u00f3?<\/strong><\/p>\n\n\n\n<p>A heraldika eszk\u00f6zt\u00e1ra, kifejez\u00e9sm\u00f3dja \u00e9s problematikuss\u00e1ga seg\u00edtett abban, hogy a kor\u00e1bbi munk\u00e1imban megtal\u00e1lhat\u00f3 szil\u00e1rd keretrendszert feloldjam \u00e9s nyitottabb helyzetet teremtsek. A c\u00edmerek konkr\u00e9t identit\u00e1sokhoz k\u00f6t\u0151dnek, de \u00e9n egy p\u00e1rhuzamos, fikt\u00edv dimenzi\u00f3t hozok l\u00e9tre, amelyben az eredeti funkci\u00f3 elmos\u00f3dik. Ez a bizonytalans\u00e1g teret ad az egy\u00e9ni interpret\u00e1ci\u00f3knak, mik\u00f6zben a c\u00edmerekb\u0151l kiindulva \u00faj vizu\u00e1lis rendszert \u00e9p\u00edtek fel.<\/p>\n\n\n\n<figure class=\"wp-block-image size-full\"><img loading=\"lazy\" decoding=\"async\" width=\"2560\" height=\"1707\" src=\"https:\/\/aqb.hu\/wp-content\/uploads\/2025\/01\/S7A7569_1-scaled.jpg\" alt=\"\" class=\"wp-image-15627\" srcset=\"https:\/\/aqb.hu\/wp-content\/uploads\/2025\/01\/S7A7569_1-scaled.jpg 2560w, https:\/\/aqb.hu\/wp-content\/uploads\/2025\/01\/S7A7569_1-768x512.jpg 768w, https:\/\/aqb.hu\/wp-content\/uploads\/2025\/01\/S7A7569_1-1536x1024.jpg 1536w, https:\/\/aqb.hu\/wp-content\/uploads\/2025\/01\/S7A7569_1-2048x1365.jpg 2048w, https:\/\/aqb.hu\/wp-content\/uploads\/2025\/01\/S7A7569_1-18x12.jpg 18w\" sizes=\"auto, (max-width: 2560px) 100vw, 2560px\" \/><figcaption class=\"wp-element-caption\">Ki\u00e1ll\u00edt\u00e1senteri\u0151r<\/figcaption><\/figure>\n\n\n\n<p><strong>Hogyan \u00e9p\u00edted fel a ki\u00e1ll\u00edt\u00e1s sor\u00e1n megjelen\u0151 fikt\u00edv dimenzi\u00f3t? Milyen narrat\u00edv\u00e1k vez\u00e9relnek ebben a folyamatban?<\/strong><\/p>\n\n\n\n<p>A fikt\u00edv dimenzi\u00f3 alapja egy gy\u0171jt\u00e9si folyamat, amely sor\u00e1n val\u00f3s c\u00edmereket, log\u00f3kat \u00e9s embl\u00e9m\u00e1kat rendszereztem. Ezeket saj\u00e1t jelekkel \u00e9s eszt\u00e9tikai elemekkel eg\u00e9sz\u00edtettem ki, \u00edgy \u00fajra\u00e9rtelmezve a megl\u00e9v\u0151 form\u00e1kat. A folyamat nyitott helyzetb\u0151l indul, majd a munk\u00e1k k\u00e9sz\u00edt\u00e9se k\u00f6zben form\u00e1l\u00f3dik a narrat\u00edva, amely a val\u00f3s heraldikai rendszerek \u00e9s a fikci\u00f3 k\u00f6z\u00f6tti fesz\u00fclts\u00e9gb\u0151l t\u00e1pl\u00e1lkozik.<\/p>\n\n\n\n<p><strong>Milyen \u00edvet l\u00e1tsz a projekt sor\u00e1n k\u00e9sz\u00fclt m\u0171veidben? Hol kezd\u0151d\u00f6tt \u00e9s hogyan z\u00e1rult le ez a folyamat?<\/strong><\/p>\n\n\n\n<p>A projekt a kisebb, feh\u00e9r alapon k\u00e9sz\u00fclt tesztk\u00e9pekkel indult, amelyek sor\u00e1n letiszt\u00e1ztam a technikai alapokat. Ezeket k\u00f6vett\u00e9k a \u201epoppos\u201d festm\u00e9nyek, ahol el\u0151sz\u00f6r \u00e9reztem er\u0151s motiv\u00e1ci\u00f3t. A folyamat z\u00e1r\u00f3k\u00e9pei a k\u00e9t nagyobb focicsapat c\u00edmer, amelyekn\u00e9l m\u00e1r \u00fagy \u00e9reztem, hogy a koncepci\u00f3 t\u00fals\u00e1gosan szab\u00e1lyozott\u00e1 v\u00e1lt. Ezen a ponton d\u00f6nt\u00f6ttem \u00fagy, hogy lez\u00e1rom a projektet, mert m\u00e1r nem ny\u00fajtotta azt a kih\u00edv\u00e1st, amely az elej\u00e9n hajtott.<\/p>\n\n\n\n<hr class=\"wp-block-separator has-alpha-channel-opacity\"\/>\n\n\n\n<p><strong>Az interj\u00fat k\u00e9sz\u00edtette: Fodor Janka<\/strong><\/p>","protected":false},"excerpt":{"rendered":"<p>Varga \u00c1d\u00e1m Unknown Insignia c\u00edm\u0171 ki\u00e1ll\u00edt\u00e1sa a digit\u00e1lis \u00e9s anal\u00f3g technik\u00e1k p\u00e1rbesz\u00e9d\u00e9re \u00e9p\u00fcl, mik\u00f6zben a heraldika dekonstrukci\u00f3j\u00e1n kereszt\u00fcl fikt\u00edv vizu\u00e1lis rendszereket hoz l\u00e9tre. A projekt sor\u00e1n a m\u0171v\u00e9sz identit\u00e1s- \u00e9s eml\u00e9kezetk\u00e9rd\u00e9seket vizsg\u00e1l, k\u00fcl\u00f6n\u00f6s tekintettel a fest\u00e9szet helyzet\u00e9re a kort\u00e1rs digit\u00e1lis kult\u00far\u00e1ban. A ki\u00e1ll\u00edt\u00e1s m\u0171vei egy gy\u0171jt\u00e9si \u00e9s \u00fajra\u00e9rtelmez\u00e9si folyamat eredm\u00e9nyei, ahol a fikci\u00f3 \u00e9s val\u00f3s\u00e1g k\u00f6zti fesz\u00fclts\u00e9g gener\u00e1l \u00faj narrat\u00edv\u00e1kat.<\/p>","protected":false},"author":1,"featured_media":15628,"comment_status":"closed","ping_status":"closed","sticky":false,"template":"","format":"standard","meta":{"footnotes":""},"categories":[1],"tags":[],"class_list":["post-15782","post","type-post","status-publish","format-standard","has-post-thumbnail","hentry","category-blog"],"acf":[],"_links":{"self":[{"href":"https:\/\/aqb.hu\/hu\/wp-json\/wp\/v2\/posts\/15782","targetHints":{"allow":["GET"]}}],"collection":[{"href":"https:\/\/aqb.hu\/hu\/wp-json\/wp\/v2\/posts"}],"about":[{"href":"https:\/\/aqb.hu\/hu\/wp-json\/wp\/v2\/types\/post"}],"author":[{"embeddable":true,"href":"https:\/\/aqb.hu\/hu\/wp-json\/wp\/v2\/users\/1"}],"replies":[{"embeddable":true,"href":"https:\/\/aqb.hu\/hu\/wp-json\/wp\/v2\/comments?post=15782"}],"version-history":[{"count":6,"href":"https:\/\/aqb.hu\/hu\/wp-json\/wp\/v2\/posts\/15782\/revisions"}],"predecessor-version":[{"id":15871,"href":"https:\/\/aqb.hu\/hu\/wp-json\/wp\/v2\/posts\/15782\/revisions\/15871"}],"wp:featuredmedia":[{"embeddable":true,"href":"https:\/\/aqb.hu\/hu\/wp-json\/wp\/v2\/media\/15628"}],"wp:attachment":[{"href":"https:\/\/aqb.hu\/hu\/wp-json\/wp\/v2\/media?parent=15782"}],"wp:term":[{"taxonomy":"category","embeddable":true,"href":"https:\/\/aqb.hu\/hu\/wp-json\/wp\/v2\/categories?post=15782"},{"taxonomy":"post_tag","embeddable":true,"href":"https:\/\/aqb.hu\/hu\/wp-json\/wp\/v2\/tags?post=15782"}],"curies":[{"name":"wp","href":"https:\/\/api.w.org\/{rel}","templated":true}]}}